{"id":2986,"date":"2019-10-12T10:18:08","date_gmt":"2019-10-12T08:18:08","guid":{"rendered":"https:\/\/www.genovamyhome.it\/istituto-italiano-di-tecnologia\/"},"modified":"2023-04-19T11:16:52","modified_gmt":"2023-04-19T09:16:52","slug":"istituto-italiano-di-tecnologia","status":"publish","type":"post","link":"https:\/\/www.genovamyhome.it\/en\/istituto-italiano-di-tecnologia\/","title":{"rendered":"Istituto Italiano di Tecnologia"},"content":{"rendered":"<p class=\"p1\"><span class=\"s1\">L\u2019<b>Istituto Italiano di Tecnologia <\/b>di Genova \u2013 <b>IIT <\/b>\u2013<b> <\/b>\u00e8 un istituto di ricerca fondato nel 2003 dal Miur e dal Ministero dell\u2019Economia. <\/span><\/p>\n<p class=\"p1\"><span class=\"s1\">L\u2019IIT \u00e8 un polo di eccellenza nazionale nel campo della ricerca scientifica e tecnologica, con 14 laboratori tra l\u2019Italia e gli Stati Uniti. L\u2019istituto \u00e8 una fondazione che ha l\u2019obiettivo di promuovere l\u2019eccellenza nella ricerca di base e in quella applicata, e di favorire lo sviluppo del sistema economico nazionale. <\/span><\/p>\n<p class=\"p1\"><span class=\"s1\">Il quartier generale dell\u2019Istituto Italiano di Tecnologia \u00e8 a Genova, in Via Morego 30, dove lavorano 1.711 persone, provenienti da 60 paesi del mondo con un\u2019et\u00e0 media di 35 anni. Il 50% dei ricercatori proviene da paesi esteri. <\/span><\/p>\n<p class=\"p1\"><span class=\"s1\">Lo staff dell\u2019Istituto \u00e8 dislocato inoltre in dodici centri di ricerca sul territorio nazionale e due laboratori all\u2019estero (MIT ed Harvard). <\/span><\/p>\n<p class=\"p1\"><span class=\"s1\">Il motto dell\u2019IIT \u00e8 \u201cTechnology with human touch\u201d: come spiega l\u2019ex direttore scientifico, Roberto Cingolani, \u201cla nostra ricerca \u00e8 umano-centrica, ispirata al mondo biologico e basata su un approccio multidisciplinare\u201d.<\/span><\/p>\n<p class=\"p1\"><span class=\"s1\">La sede principale dell\u2019attivit\u00e0 di ricerca dell\u2019IIT si trova a <b>Genova.<\/b><\/span><\/p>\n<p>&nbsp;<\/p>\n<p class=\"p1\"><span class=\"s1\">I <b>Central Research Laboratories<\/b> sono dislocati tra il parco tecnologico degli <b>Erzelli<\/b> (Center for Human Technologies), l\u2019ospedale S. Martino con il Center for Synaptic Neuroscience and Technology, i laboratori di Pontedecimo del Center for Robotics and Intelligent Systems e il Center for Convergent Technologies sito a Morego.<br \/>\nNegli ultimi anni i principali ambiti dei brevetti IIT sono stati i settori dei Nuovi Materiali, della Salute e della Robotica, con quasi 7000 pubblicazioni, oltre 130 progetti europei, 350 domande di brevetto attive, 13 startup costituite ed altrettante in fase di creazione.<\/span><\/p>\n<p class=\"p3\"><span class=\"s1\">IIT conta collaborazioni con imprese industriali italiane e internazionali spaziano dalla robotica alla scienze dei materiali, dalle neuroscienze ai sistemi di produzione di energia rinnovabile, fino agli studi di farmacologia.<\/span><\/p>\n<p class=\"p1\"><span class=\"s1\">Con oltre 160 invenzioni, 348 domande di brevetto, 21 Start up e oltre 30 progetti di startup e business ideas, l\u2019<b>Istituto Italiano di Tecnologia <\/b>\u00e8 tra gli enti di ricerca pi\u00f9 prolifici del nostro Paese. <\/span><\/p>\n<p class=\"p1\"><span class=\"s1\">\u201cDobbiamo trovare il coraggio di investire in innovazione, e questa \u00e8 l\u2019unica strada: dobbiamo essere pi\u00f9 competitivi e dobbiamo farlo attraverso l\u2019innovazione e poi da l\u00ec viene tutto il resto. Le competenze ci sono perch\u00e9 questo non \u00e8 un paese in declino ma \u00e8 una nazione dove c\u2019\u00e8 tanta intelligenza e capacit\u00e0 umana\u201d dice <b>Giorgio Metta<\/b>, il neo nominato direttore dell\u2019IIT. <\/span><\/p>\n<p class=\"p1\"><span class=\"s1\">\u201cHo iniziato quando abbiamo aperto i primi i laboratori \u2013 ricorda Metta \u2013 mi occupavo di robotica e ho seguito la crescita dell\u2019Istituto dalle 50 persone iniziali alle 1.700 di adesso. L\u2019Istituto italiano di tecnologia \u00e8 un bellissimo luogo con scienziati di altissimo livello. Qui facciamo ricerca e portiamo avanti un piano di trasferimento tecnologico. Per realizzare l\u2019IIT siamo andati a vedere cosa si fa in Europa, nel mondo e l\u2019abbiamo portata in Italia. Per esempio il recruitment dei ricercatori lo facciamo attraverso una call internazionale. Abbiamo un percorso di valutazione che pu\u00f2 essere dai 5 ai 7 anni, e solo in quel momento il ricercatore viene stabilizzato, e questa \u00e8 una cosa un po\u2019 diversa da quello che si faceva prima\u201d.<\/span><\/p>\n<p>&nbsp;<\/p>\n<h2 class=\"p1\"><span class=\"s1\">La ricerca \u00e8 interdisciplinare<\/span><\/h2>\n<p class=\"p6\"><span class=\"s1\">Il piano strategico dell\u2019IIT consiste in 16 priorit\u00e0 scientifiche che sono state raggruppate in 4 domini di ricerca: robotica, nanomateriali, scienze della vita, scienze computazionali. \u201cMa la ricerca sta diventando sempre di pi\u00f9 interdisciplinare \u2013 sottolinea Metta \u2013 e quindi abbiamo, per esempio, un team che studia le reti neurali biologiche con ricercatori che prendono quei risultati e li trasformano in modelli computazionali, mentre altri cercano di capire come queste reti vadano a impattare con il comportamento. Messe insieme tutte queste cose ci consentono di sviluppare, per esempio sia la comprensione delle patologie sia nuovi algoritmi per l\u2019intelligenza artificiale\u201d.<\/span><\/p>\n<p>&nbsp;<\/p>\n<h2 class=\"p6\"><span class=\"s1\">Nell&#8217;<\/span><span class=\"s1\">Istituto Italiano di Tecnologia i<\/span><span class=\"s1\">l robot diventa fisioterapista<\/span><\/h2>\n<p class=\"p6\"><span class=\"s1\">Uno dei progetti simbolo dell\u2019Istituto Italiano di Tecnologia di Genova \u00e8 iCub, il robot bambino che negli anni ha sviluppato sempre maggiori potenzialit\u00e0 (ne sono stati venduti 40 in tutto il mondo) ma a questo si sono affiancati altre 4 piattaforme robotiche molto interessanti, e una startup , Movendo Technology, che ha gi\u00e0 immesso sul mercato 40 robot fisioterapisti.<\/span><\/p>\n<p class=\"p6\"><span class=\"s1\">\u201cAbbiamo una robotica che \u00e8 gi\u00e0 praticamente sul mercato, con una startup che sta portando sul mercato robotica per la riabilitazione \u2013 spiega Metta \u2013 per la quale abbiamo un progetto con l\u2019INAIL. Ma stiamo studiando anche robot che possano dare supporto al lavoratore, per prevenire l\u2019incidente. Se io posso alleviare la fatica, nel corso del tempo avr\u00f2 meno incidenti. E questo \u00e8 una delle cose che si possono fare con gli esoscheletri, dove a fare fatica sono i robot, invece delle, persone\u201d.<\/span><\/p>\n<p>&nbsp;<\/p>\n<h2 class=\"p6\"><span class=\"s1\">Intelligenza artificiale e nuovi materiali<\/span><\/h2>\n<p class=\"p5\"><span class=\"s1\">Lo studio della robotica, quindi, si sta muovendo su due direzioni importanti: quella dell\u2019intelligenza artificiale e quella su come realizzare proprio il corpo dei robot anche attraverso la\u00a0soft robotics. \u201cMi aspetto un impatto interessante dei nuovi materiali \u2013 spiega \u2013 nella realizzazione dell\u2019hardware dei robot. Queste sono le aspettative visto che le macchine che abbiamo adesso, anche se sembrano robuste, nella pratica si rompono un po\u2019 troppo spesso. Dovremo immaginare ad esempio, robot soffici, che potremo costruire grazie ai nuovi materiali\u201d.<\/span><\/p>\n<p class=\"p6\"><span class=\"s1\">Per quello che riguarda invece l\u2019intelligenza artificiale Metta rassicura: \u201cNon siamo arrivati a poter sostituire l\u2019uomo con le macchine. Praticamente tutti gli scienziati del mondo pensano che ci sia la possibilit\u00e0 di avere robot autonomi non prima di almeno 50 anni. Io vedo, invece, a breve termine, un sistema in cui l\u2019essere umano mette l\u2019intelligenza \u00e8 la macchina mette la forza. Questo, in poche parole, \u00e8 quello che si vorrebbe fare. Quindi l\u2019uomo al centro, perch\u00e9 noi siamo quelli che danno il comando e il robot esegue\u201d.<\/span><\/p>\n<p>&nbsp;<\/p>\n<h2 class=\"p6\"><span class=\"s1\">Istituto Italiano di Tecnologia &#8211; Verso una robot valley genovese<\/span><\/h2>\n<p class=\"p6\"><span class=\"s1\">Piccole e medie imprese che, in un campo di successo come la robotica, stanno creando un tessuto industriale che ruota attorno all\u2019eccellenza dell\u2019Istituto Italiano di Tecnologia. Una sorta di \u201crobot valley\u201d genovese. \u201cQuesta \u00e8 una delle azioni che vorrei provare a spingere \u2013 sottolinea Metta \u2013 perch\u00e9 abbiamo visto che intorno a noi, a Genova, si \u00e8 cominciato a formare un nucleo di aziende che ha un interesse enorme nel campo della robotica e nel portare queste soluzioni effettivamente sul mercato\u201d.<\/span><\/p>\n<p class=\"p6\"><span class=\"s1\">\u201cQuello che vorremmo fare, quindi, \u00e8 proprio mettere a sistema queste aziende e portare vicino a noi, magari anche una serie di altri attori che possono aiutare a capire i business plan per l\u2019azienda, ma anche a stimare come l\u2019innovazione andr\u00e0 a impattare sul modello di business di queste imprese. E poi anche aziende che ci aiutino a fare il design dei nostri prodotti, quindi non solo la tecnologia, che \u00e8 ci\u00f2 che sappiamo fare benissimo, ma anche tutto quello che ci ruota intorno\u201d.<\/span><\/p>\n<p>&nbsp;<\/p>\n<h2 class=\"p6\"><span class=\"s1\">Life sciences, tecnologia per una medicina su misura<\/span><\/h2>\n<p class=\"p6\"><span class=\"s1\">Un altro tema sviluppato con successo da IIT \u00e8 quello della life science, la scienza umana, ovvero quel campo della ricerca che va direttamente a sperimentare, anche con modalit\u00e0 molto innovative, il tema della identificazione dell\u2019origine genetica delle malattie, e poi anche la soluzione.<\/span><\/p>\n<p class=\"p6\"><span class=\"s1\">\u201cStiamo sperimentando un percorso su Genova, con delle collaborazioni con gli ospedali cittadini\u201d, continua Metta. \u201cOggi siamo in grado di analizzare il genoma e di farne il sequenziamento, ma abbiamo messo in piedi tutta una parte informatica che consente di trovare in maniera semiautomatica le mutazioni. E poi abbiamo una parte che si occupa di cercare di capire, anche attraverso delle simulazioni, come pu\u00f2 essere progettato un farmaco per correggere i problemi derivanti da una certa patologia\u201d.<\/span><\/p>\n<p class=\"p6\"><span class=\"s1\">Si tratta di una disciplina nuova e trasversale. \u201cAbbiamo il biologo, il genetista, l\u2019ingegnere computazionale, e poi abbiamo il fisico che realizza le simulazioni e abbiamo chi si occupa di farmaci. Ci deve essere per forza un mix di competenze. Stiamo parlando di una serie di malattie gravissime. All\u2019IIT tipicamente ci occupiamo di quelle da neurosviluppo. L\u2019idea \u2013 prosegue Metta \u2013 \u00e8 quella proprio di completare questo percorso e arrivare finalmente a poter progettare, quasi ad hoc, i farmaci per ogni singola patologia\u201d.<\/span><\/p>\n<p>&nbsp;<\/p>\n<h2 class=\"p6\"><span class=\"s1\">Il ruolo dei Competence Center per supportare le Pmi<\/span><\/h2>\n<p class=\"p6\"><span class=\"s1\">Il passo successivo, dopo la ricerca, \u00e8 quello dell\u2019industrializzazione dei progetti che devono inserirsi in un tessuto produttivo composto, principalmente, da piccole e medie aziende.<\/span><\/p>\n<p class=\"p6\"><span class=\"s1\">\u201cC\u2019\u00e8 ancora un gap importante da colmare \u2013 continua Metta \u2013 perch\u00e9 noi riusciamo a fare dei dimostratori ma, per arrivare in produzione, bisogna avere delle macchine che possono essere prodotte su scala pi\u00f9 ampia, e questo \u00e8 difficile. I Competence Center ci daranno la capacit\u00e0 di arrivare alle aziende. E se questa sperimentazione si riveler\u00e0 di successo e sar\u00e0 duratura nel tempo \u2013 conclude Metta \u2013 avremo forse trovato la strada giusta per il nostro paese\u201d.<\/span><\/p>\n","protected":false},"excerpt":{"rendered":"<p>L\u2019Istituto Italiano di Tecnologia di Genova \u2013 IIT \u2013 \u00e8 un istituto di ricerca fondato nel 2003 dal Miur e [&hellip;]<\/p>\n","protected":false},"author":2,"featured_media":1870,"comment_status":"closed","ping_status":"closed","sticky":false,"template":"","format":"standard","meta":{"footnotes":""},"categories":[37],"tags":[],"class_list":["post-2986","post","type-post","status-publish","format-standard","has-post-thumbnail","hentry","category-genova-events"],"yoast_head":"<!-- This site is optimized with the Yoast SEO plugin v27.4 - https:\/\/yoast.com\/product\/yoast-seo-wordpress\/ -->\n<title>Istituto Italiano di Tecnologia - Genova My Home<\/title>\n<meta name=\"description\" content=\"L\u2019Istituto Italiano di Tecnologia di Genova \u2013 IIT \u2013 \u00e8 un istituto di ricerca fondato nel 2003 dal Miur e dal Ministero dell\u2019Economia.\" \/>\n<meta name=\"robots\" content=\"index, follow, max-snippet:-1, max-image-preview:large, max-video-preview:-1\" \/>\n<link rel=\"canonical\" href=\"https:\/\/www.genovamyhome.it\/en\/istituto-italiano-di-tecnologia\/\" \/>\n<meta property=\"og:locale\" content=\"en_US\" \/>\n<meta property=\"og:type\" content=\"article\" \/>\n<meta property=\"og:title\" content=\"Istituto Italiano di Tecnologia - Genova My Home\" \/>\n<meta property=\"og:description\" content=\"L\u2019Istituto Italiano di Tecnologia di Genova \u2013 IIT \u2013 \u00e8 un istituto di ricerca fondato nel 2003 dal Miur e dal Ministero dell\u2019Economia.\" \/>\n<meta property=\"og:url\" content=\"https:\/\/www.genovamyhome.it\/en\/istituto-italiano-di-tecnologia\/\" \/>\n<meta property=\"og:site_name\" content=\"Genova My Home\" \/>\n<meta property=\"article:published_time\" content=\"2019-10-12T08:18:08+00:00\" \/>\n<meta property=\"article:modified_time\" content=\"2023-04-19T09:16:52+00:00\" \/>\n<meta property=\"og:image\" content=\"https:\/\/www.genovamyhome.it\/wp-content\/uploads\/2019\/12\/Istituto-Italiano-di-Tecnologia-Genova-IIT.jpeg\" \/>\n\t<meta property=\"og:image:width\" content=\"1637\" \/>\n\t<meta property=\"og:image:height\" content=\"899\" \/>\n\t<meta property=\"og:image:type\" content=\"image\/jpeg\" \/>\n<meta name=\"author\" content=\"Federico Randone\" \/>\n<meta name=\"twitter:card\" content=\"summary_large_image\" \/>\n<meta name=\"twitter:label1\" content=\"Written by\" \/>\n\t<meta name=\"twitter:data1\" content=\"Federico Randone\" \/>\n\t<meta name=\"twitter:label2\" content=\"Est. reading time\" \/>\n\t<meta name=\"twitter:data2\" content=\"8 minutes\" \/>\n<script type=\"application\/ld+json\" class=\"yoast-schema-graph\">{\"@context\":\"https:\\\/\\\/schema.org\",\"@graph\":[{\"@type\":\"Article\",\"@id\":\"https:\\\/\\\/www.genovamyhome.it\\\/en\\\/istituto-italiano-di-tecnologia\\\/#article\",\"isPartOf\":{\"@id\":\"https:\\\/\\\/www.genovamyhome.it\\\/en\\\/istituto-italiano-di-tecnologia\\\/\"},\"author\":{\"name\":\"Federico Randone\",\"@id\":\"https:\\\/\\\/www.genovamyhome.it\\\/en\\\/#\\\/schema\\\/person\\\/78bf7d8628854f6ab116a5dd2362ef89\"},\"headline\":\"Istituto Italiano di Tecnologia\",\"datePublished\":\"2019-10-12T08:18:08+00:00\",\"dateModified\":\"2023-04-19T09:16:52+00:00\",\"mainEntityOfPage\":{\"@id\":\"https:\\\/\\\/www.genovamyhome.it\\\/en\\\/istituto-italiano-di-tecnologia\\\/\"},\"wordCount\":1423,\"publisher\":{\"@id\":\"https:\\\/\\\/www.genovamyhome.it\\\/en\\\/#organization\"},\"image\":{\"@id\":\"https:\\\/\\\/www.genovamyhome.it\\\/en\\\/istituto-italiano-di-tecnologia\\\/#primaryimage\"},\"thumbnailUrl\":\"https:\\\/\\\/www.genovamyhome.it\\\/wp-content\\\/uploads\\\/2019\\\/12\\\/Istituto-Italiano-di-Tecnologia-Genova-IIT.jpeg\",\"articleSection\":[\"Genova events\"],\"inLanguage\":\"en-US\"},{\"@type\":\"WebPage\",\"@id\":\"https:\\\/\\\/www.genovamyhome.it\\\/en\\\/istituto-italiano-di-tecnologia\\\/\",\"url\":\"https:\\\/\\\/www.genovamyhome.it\\\/en\\\/istituto-italiano-di-tecnologia\\\/\",\"name\":\"Istituto Italiano di Tecnologia - Genova My Home\",\"isPartOf\":{\"@id\":\"https:\\\/\\\/www.genovamyhome.it\\\/en\\\/#website\"},\"primaryImageOfPage\":{\"@id\":\"https:\\\/\\\/www.genovamyhome.it\\\/en\\\/istituto-italiano-di-tecnologia\\\/#primaryimage\"},\"image\":{\"@id\":\"https:\\\/\\\/www.genovamyhome.it\\\/en\\\/istituto-italiano-di-tecnologia\\\/#primaryimage\"},\"thumbnailUrl\":\"https:\\\/\\\/www.genovamyhome.it\\\/wp-content\\\/uploads\\\/2019\\\/12\\\/Istituto-Italiano-di-Tecnologia-Genova-IIT.jpeg\",\"datePublished\":\"2019-10-12T08:18:08+00:00\",\"dateModified\":\"2023-04-19T09:16:52+00:00\",\"description\":\"L\u2019Istituto Italiano di Tecnologia di Genova \u2013 IIT \u2013 \u00e8 un istituto di ricerca fondato nel 2003 dal Miur e dal Ministero dell\u2019Economia.\",\"breadcrumb\":{\"@id\":\"https:\\\/\\\/www.genovamyhome.it\\\/en\\\/istituto-italiano-di-tecnologia\\\/#breadcrumb\"},\"inLanguage\":\"en-US\",\"potentialAction\":[{\"@type\":\"ReadAction\",\"target\":[\"https:\\\/\\\/www.genovamyhome.it\\\/en\\\/istituto-italiano-di-tecnologia\\\/\"]}]},{\"@type\":\"ImageObject\",\"inLanguage\":\"en-US\",\"@id\":\"https:\\\/\\\/www.genovamyhome.it\\\/en\\\/istituto-italiano-di-tecnologia\\\/#primaryimage\",\"url\":\"https:\\\/\\\/www.genovamyhome.it\\\/wp-content\\\/uploads\\\/2019\\\/12\\\/Istituto-Italiano-di-Tecnologia-Genova-IIT.jpeg\",\"contentUrl\":\"https:\\\/\\\/www.genovamyhome.it\\\/wp-content\\\/uploads\\\/2019\\\/12\\\/Istituto-Italiano-di-Tecnologia-Genova-IIT.jpeg\",\"width\":1637,\"height\":899,\"caption\":\"Istituto Italiano di Tecnologia Genova IIT\"},{\"@type\":\"BreadcrumbList\",\"@id\":\"https:\\\/\\\/www.genovamyhome.it\\\/en\\\/istituto-italiano-di-tecnologia\\\/#breadcrumb\",\"itemListElement\":[{\"@type\":\"ListItem\",\"position\":1,\"name\":\"Home\",\"item\":\"https:\\\/\\\/www.genovamyhome.it\\\/en\\\/\"},{\"@type\":\"ListItem\",\"position\":2,\"name\":\"Istituto Italiano di Tecnologia\"}]},{\"@type\":\"WebSite\",\"@id\":\"https:\\\/\\\/www.genovamyhome.it\\\/en\\\/#website\",\"url\":\"https:\\\/\\\/www.genovamyhome.it\\\/en\\\/\",\"name\":\"Genova My Home\",\"description\":\"Affitto breve a Genova\",\"publisher\":{\"@id\":\"https:\\\/\\\/www.genovamyhome.it\\\/en\\\/#organization\"},\"potentialAction\":[{\"@type\":\"SearchAction\",\"target\":{\"@type\":\"EntryPoint\",\"urlTemplate\":\"https:\\\/\\\/www.genovamyhome.it\\\/en\\\/?s={search_term_string}\"},\"query-input\":{\"@type\":\"PropertyValueSpecification\",\"valueRequired\":true,\"valueName\":\"search_term_string\"}}],\"inLanguage\":\"en-US\"},{\"@type\":\"Organization\",\"@id\":\"https:\\\/\\\/www.genovamyhome.it\\\/en\\\/#organization\",\"name\":\"Genova My Home\",\"url\":\"https:\\\/\\\/www.genovamyhome.it\\\/en\\\/\",\"logo\":{\"@type\":\"ImageObject\",\"inLanguage\":\"en-US\",\"@id\":\"https:\\\/\\\/www.genovamyhome.it\\\/en\\\/#\\\/schema\\\/logo\\\/image\\\/\",\"url\":\"https:\\\/\\\/www.genovamyhome.it\\\/wp-content\\\/uploads\\\/2023\\\/06\\\/logo.png\",\"contentUrl\":\"https:\\\/\\\/www.genovamyhome.it\\\/wp-content\\\/uploads\\\/2023\\\/06\\\/logo.png\",\"width\":614,\"height\":171,\"caption\":\"Genova My Home\"},\"image\":{\"@id\":\"https:\\\/\\\/www.genovamyhome.it\\\/en\\\/#\\\/schema\\\/logo\\\/image\\\/\"}},{\"@type\":\"Person\",\"@id\":\"https:\\\/\\\/www.genovamyhome.it\\\/en\\\/#\\\/schema\\\/person\\\/78bf7d8628854f6ab116a5dd2362ef89\",\"name\":\"Federico Randone\",\"image\":{\"@type\":\"ImageObject\",\"inLanguage\":\"en-US\",\"@id\":\"https:\\\/\\\/secure.gravatar.com\\\/avatar\\\/50870c7fb05cafbc5eb22dc324a426aa4519e437645e1f74d05892cb235a7922?s=96&d=mm&r=g\",\"url\":\"https:\\\/\\\/secure.gravatar.com\\\/avatar\\\/50870c7fb05cafbc5eb22dc324a426aa4519e437645e1f74d05892cb235a7922?s=96&d=mm&r=g\",\"contentUrl\":\"https:\\\/\\\/secure.gravatar.com\\\/avatar\\\/50870c7fb05cafbc5eb22dc324a426aa4519e437645e1f74d05892cb235a7922?s=96&d=mm&r=g\",\"caption\":\"Federico Randone\"},\"url\":\"https:\\\/\\\/www.genovamyhome.it\\\/en\\\/author\\\/federico\\\/\"}]}<\/script>\n<!-- \/ Yoast SEO plugin. -->","yoast_head_json":{"title":"Istituto Italiano di Tecnologia - Genova My Home","description":"L\u2019Istituto Italiano di Tecnologia di Genova \u2013 IIT \u2013 \u00e8 un istituto di ricerca fondato nel 2003 dal Miur e dal Ministero dell\u2019Economia.","robots":{"index":"index","follow":"follow","max-snippet":"max-snippet:-1","max-image-preview":"max-image-preview:large","max-video-preview":"max-video-preview:-1"},"canonical":"https:\/\/www.genovamyhome.it\/en\/istituto-italiano-di-tecnologia\/","og_locale":"en_US","og_type":"article","og_title":"Istituto Italiano di Tecnologia - Genova My Home","og_description":"L\u2019Istituto Italiano di Tecnologia di Genova \u2013 IIT \u2013 \u00e8 un istituto di ricerca fondato nel 2003 dal Miur e dal Ministero dell\u2019Economia.","og_url":"https:\/\/www.genovamyhome.it\/en\/istituto-italiano-di-tecnologia\/","og_site_name":"Genova My Home","article_published_time":"2019-10-12T08:18:08+00:00","article_modified_time":"2023-04-19T09:16:52+00:00","og_image":[{"width":1637,"height":899,"url":"https:\/\/www.genovamyhome.it\/wp-content\/uploads\/2019\/12\/Istituto-Italiano-di-Tecnologia-Genova-IIT.jpeg","type":"image\/jpeg"}],"author":"Federico Randone","twitter_card":"summary_large_image","twitter_misc":{"Written by":"Federico Randone","Est. reading time":"8 minutes"},"schema":{"@context":"https:\/\/schema.org","@graph":[{"@type":"Article","@id":"https:\/\/www.genovamyhome.it\/en\/istituto-italiano-di-tecnologia\/#article","isPartOf":{"@id":"https:\/\/www.genovamyhome.it\/en\/istituto-italiano-di-tecnologia\/"},"author":{"name":"Federico Randone","@id":"https:\/\/www.genovamyhome.it\/en\/#\/schema\/person\/78bf7d8628854f6ab116a5dd2362ef89"},"headline":"Istituto Italiano di Tecnologia","datePublished":"2019-10-12T08:18:08+00:00","dateModified":"2023-04-19T09:16:52+00:00","mainEntityOfPage":{"@id":"https:\/\/www.genovamyhome.it\/en\/istituto-italiano-di-tecnologia\/"},"wordCount":1423,"publisher":{"@id":"https:\/\/www.genovamyhome.it\/en\/#organization"},"image":{"@id":"https:\/\/www.genovamyhome.it\/en\/istituto-italiano-di-tecnologia\/#primaryimage"},"thumbnailUrl":"https:\/\/www.genovamyhome.it\/wp-content\/uploads\/2019\/12\/Istituto-Italiano-di-Tecnologia-Genova-IIT.jpeg","articleSection":["Genova events"],"inLanguage":"en-US"},{"@type":"WebPage","@id":"https:\/\/www.genovamyhome.it\/en\/istituto-italiano-di-tecnologia\/","url":"https:\/\/www.genovamyhome.it\/en\/istituto-italiano-di-tecnologia\/","name":"Istituto Italiano di Tecnologia - Genova My Home","isPartOf":{"@id":"https:\/\/www.genovamyhome.it\/en\/#website"},"primaryImageOfPage":{"@id":"https:\/\/www.genovamyhome.it\/en\/istituto-italiano-di-tecnologia\/#primaryimage"},"image":{"@id":"https:\/\/www.genovamyhome.it\/en\/istituto-italiano-di-tecnologia\/#primaryimage"},"thumbnailUrl":"https:\/\/www.genovamyhome.it\/wp-content\/uploads\/2019\/12\/Istituto-Italiano-di-Tecnologia-Genova-IIT.jpeg","datePublished":"2019-10-12T08:18:08+00:00","dateModified":"2023-04-19T09:16:52+00:00","description":"L\u2019Istituto Italiano di Tecnologia di Genova \u2013 IIT \u2013 \u00e8 un istituto di ricerca fondato nel 2003 dal Miur e dal Ministero dell\u2019Economia.","breadcrumb":{"@id":"https:\/\/www.genovamyhome.it\/en\/istituto-italiano-di-tecnologia\/#breadcrumb"},"inLanguage":"en-US","potentialAction":[{"@type":"ReadAction","target":["https:\/\/www.genovamyhome.it\/en\/istituto-italiano-di-tecnologia\/"]}]},{"@type":"ImageObject","inLanguage":"en-US","@id":"https:\/\/www.genovamyhome.it\/en\/istituto-italiano-di-tecnologia\/#primaryimage","url":"https:\/\/www.genovamyhome.it\/wp-content\/uploads\/2019\/12\/Istituto-Italiano-di-Tecnologia-Genova-IIT.jpeg","contentUrl":"https:\/\/www.genovamyhome.it\/wp-content\/uploads\/2019\/12\/Istituto-Italiano-di-Tecnologia-Genova-IIT.jpeg","width":1637,"height":899,"caption":"Istituto Italiano di Tecnologia Genova IIT"},{"@type":"BreadcrumbList","@id":"https:\/\/www.genovamyhome.it\/en\/istituto-italiano-di-tecnologia\/#breadcrumb","itemListElement":[{"@type":"ListItem","position":1,"name":"Home","item":"https:\/\/www.genovamyhome.it\/en\/"},{"@type":"ListItem","position":2,"name":"Istituto Italiano di Tecnologia"}]},{"@type":"WebSite","@id":"https:\/\/www.genovamyhome.it\/en\/#website","url":"https:\/\/www.genovamyhome.it\/en\/","name":"Genova My Home","description":"Affitto breve a Genova","publisher":{"@id":"https:\/\/www.genovamyhome.it\/en\/#organization"},"potentialAction":[{"@type":"SearchAction","target":{"@type":"EntryPoint","urlTemplate":"https:\/\/www.genovamyhome.it\/en\/?s={search_term_string}"},"query-input":{"@type":"PropertyValueSpecification","valueRequired":true,"valueName":"search_term_string"}}],"inLanguage":"en-US"},{"@type":"Organization","@id":"https:\/\/www.genovamyhome.it\/en\/#organization","name":"Genova My Home","url":"https:\/\/www.genovamyhome.it\/en\/","logo":{"@type":"ImageObject","inLanguage":"en-US","@id":"https:\/\/www.genovamyhome.it\/en\/#\/schema\/logo\/image\/","url":"https:\/\/www.genovamyhome.it\/wp-content\/uploads\/2023\/06\/logo.png","contentUrl":"https:\/\/www.genovamyhome.it\/wp-content\/uploads\/2023\/06\/logo.png","width":614,"height":171,"caption":"Genova My Home"},"image":{"@id":"https:\/\/www.genovamyhome.it\/en\/#\/schema\/logo\/image\/"}},{"@type":"Person","@id":"https:\/\/www.genovamyhome.it\/en\/#\/schema\/person\/78bf7d8628854f6ab116a5dd2362ef89","name":"Federico Randone","image":{"@type":"ImageObject","inLanguage":"en-US","@id":"https:\/\/secure.gravatar.com\/avatar\/50870c7fb05cafbc5eb22dc324a426aa4519e437645e1f74d05892cb235a7922?s=96&d=mm&r=g","url":"https:\/\/secure.gravatar.com\/avatar\/50870c7fb05cafbc5eb22dc324a426aa4519e437645e1f74d05892cb235a7922?s=96&d=mm&r=g","contentUrl":"https:\/\/secure.gravatar.com\/avatar\/50870c7fb05cafbc5eb22dc324a426aa4519e437645e1f74d05892cb235a7922?s=96&d=mm&r=g","caption":"Federico Randone"},"url":"https:\/\/www.genovamyhome.it\/en\/author\/federico\/"}]}},"_links":{"self":[{"href":"https:\/\/www.genovamyhome.it\/en\/wp-json\/wp\/v2\/posts\/2986","targetHints":{"allow":["GET"]}}],"collection":[{"href":"https:\/\/www.genovamyhome.it\/en\/wp-json\/wp\/v2\/posts"}],"about":[{"href":"https:\/\/www.genovamyhome.it\/en\/wp-json\/wp\/v2\/types\/post"}],"author":[{"embeddable":true,"href":"https:\/\/www.genovamyhome.it\/en\/wp-json\/wp\/v2\/users\/2"}],"replies":[{"embeddable":true,"href":"https:\/\/www.genovamyhome.it\/en\/wp-json\/wp\/v2\/comments?post=2986"}],"version-history":[{"count":1,"href":"https:\/\/www.genovamyhome.it\/en\/wp-json\/wp\/v2\/posts\/2986\/revisions"}],"predecessor-version":[{"id":2987,"href":"https:\/\/www.genovamyhome.it\/en\/wp-json\/wp\/v2\/posts\/2986\/revisions\/2987"}],"wp:featuredmedia":[{"embeddable":true,"href":"https:\/\/www.genovamyhome.it\/en\/wp-json\/wp\/v2\/media\/1870"}],"wp:attachment":[{"href":"https:\/\/www.genovamyhome.it\/en\/wp-json\/wp\/v2\/media?parent=2986"}],"wp:term":[{"taxonomy":"category","embeddable":true,"href":"https:\/\/www.genovamyhome.it\/en\/wp-json\/wp\/v2\/categories?post=2986"},{"taxonomy":"post_tag","embeddable":true,"href":"https:\/\/www.genovamyhome.it\/en\/wp-json\/wp\/v2\/tags?post=2986"}],"curies":[{"name":"wp","href":"https:\/\/api.w.org\/{rel}","templated":true}]}}